{"id":1797,"date":"2025-03-08T22:29:56","date_gmt":"2025-03-08T22:29:56","guid":{"rendered":"https:\/\/cai-autocaravanismo.pt\/?p=1797"},"modified":"2025-03-08T22:54:17","modified_gmt":"2025-03-08T22:54:17","slug":"o-cai-vai-a-runa","status":"publish","type":"post","link":"https:\/\/cai-autocaravanismo.pt\/?p=1797","title":{"rendered":"O CAI vai a Runa"},"content":{"rendered":"\n<figure class=\"wp-block-gallery has-nested-images columns-default is-cropped wp-block-gallery-1 is-layout-flex wp-block-gallery-is-layout-flex\">\n<figure class=\"wp-block-image size-large\"><a href=\"https:\/\/cai-autocaravanismo.pt\/wp-content\/uploads\/2025\/03\/O-Cai-Vai-a-Runa-Site.jpg\"><img loading=\"lazy\" decoding=\"async\" width=\"1024\" height=\"576\" data-id=\"1799\" src=\"https:\/\/cai-autocaravanismo.pt\/wp-content\/uploads\/2025\/03\/O-Cai-Vai-a-Runa-Site-1024x576.jpg\" alt=\"\" class=\"wp-image-1799\" srcset=\"https:\/\/cai-autocaravanismo.pt\/wp-content\/uploads\/2025\/03\/O-Cai-Vai-a-Runa-Site-1024x576.jpg 1024w, https:\/\/cai-autocaravanismo.pt\/wp-content\/uploads\/2025\/03\/O-Cai-Vai-a-Runa-Site-300x169.jpg 300w, https:\/\/cai-autocaravanismo.pt\/wp-content\/uploads\/2025\/03\/O-Cai-Vai-a-Runa-Site-768x432.jpg 768w, https:\/\/cai-autocaravanismo.pt\/wp-content\/uploads\/2025\/03\/O-Cai-Vai-a-Runa-Site.jpg 1280w\" sizes=\"auto, (max-width: 1024px) 100vw, 1024px\" \/><\/a><\/figure>\n<\/figure>\n\n\n\n<p><\/p>\n\n\n\n<p class=\"has-yellow-color has-text-color has-link-color has-medium-font-size wp-elements-1b3dfb812f9037192d28427895b72c85\"><strong><a href=\"https:\/\/cai-autocaravanismo.pt\/?page_id=1492\">Inscreva-se Aqui<\/a><\/strong><\/p>\n\n\n\n<p><\/p>\n\n\n\n<p class=\"has-text-align-center has-x-large-font-size\"><strong>Programa<\/strong><\/p>\n\n\n\n<p>Dia 28 :<\/p>\n\n\n\n<p>A partir das 18:00 rece\u00e7\u00e3o das Autocaravanas ao local da \u00c1rea de Servi\u00e7o.<\/p>\n\n\n\n<p><\/p>\n\n\n\n<p>Dia 29 : <\/p>\n\n\n\n<p>Visita ao Espa\u00e7o museol\u00f3gico Sta M\u00aa Francisca Benedita.<\/p>\n\n\n\n<p>Almo\u00e7o&nbsp; Porco no Espeto, p\u00e3o e vinho&nbsp;&nbsp;&#8211; Oferecido pela Uni\u00e3o de freguesias de Dois Portos e Runa.<\/p>\n\n\n\n<p class=\"has-text-align-center\">               <strong> Os S\u00f3cios ter\u00e3o de levar: <\/strong><\/p>\n\n\n\n<p class=\"has-text-align-left\">Mesa, cadeiras, pratos, copos ,talheres e caso n\u00e3o bebam vinho levem outra bebida.<\/p>\n\n\n\n<p class=\"has-text-align-left\">Tarde para conviver e haver\u00e1 surpresas.<\/p>\n\n\n\n<p>Dia 30 : &nbsp;<\/p>\n\n\n\n<p>                Caminhada Matinal<\/p>\n\n\n\n<p>Coordenadas GPS:<\/p>\n\n\n\n<p><a href=\"https:\/\/maps.app.goo.gl\/J7nyAzAyvr6buxgUA\">https:\/\/maps.app.goo.gl\/J7nyAzAyvr6buxgUA<\/a><\/p>\n\n\n\n<p><\/p>\n\n\n\n<p><\/p>\n","protected":false},"excerpt":{"rendered":"<p>Inscreva-se Aqui Programa Dia 28 : A partir das 18:00 rece\u00e7\u00e3o das Autocaravanas ao local da \u00c1rea de Servi\u00e7o. Dia 29 : Visita ao Espa\u00e7o museol\u00f3gico Sta M\u00aa Francisca Benedita. Almo\u00e7o&nbsp; Porco no Espeto, p\u00e3o e vinho&nbsp;&nbsp;&#8211; Oferecido pela Uni\u00e3o de freguesias de Dois Portos e Runa. Os S\u00f3cios ter\u00e3o de levar: Mesa, cadeiras, pratos, &hellip; <a href=\"https:\/\/cai-autocaravanismo.pt\/?p=1797\" class=\"more-link\">Continuar a ler <span class=\"screen-reader-text\">O CAI vai a Runa<\/span><\/a><\/p>\n","protected":false},"author":1,"featured_media":0,"comment_status":"open","ping_status":"open","sticky":false,"template":"","format":"standard","meta":{"footnotes":""},"categories":[1],"tags":[],"class_list":["post-1797","post","type-post","status-publish","format-standard","hentry","category-sem-categoria"],"_links":{"self":[{"href":"https:\/\/cai-autocaravanismo.pt\/index.php?rest_route=\/wp\/v2\/posts\/1797","targetHints":{"allow":["GET"]}}],"collection":[{"href":"https:\/\/cai-autocaravanismo.pt\/index.php?rest_route=\/wp\/v2\/posts"}],"about":[{"href":"https:\/\/cai-autocaravanismo.pt\/index.php?rest_route=\/wp\/v2\/types\/post"}],"author":[{"embeddable":true,"href":"https:\/\/cai-autocaravanismo.pt\/index.php?rest_route=\/wp\/v2\/users\/1"}],"replies":[{"embeddable":true,"href":"https:\/\/cai-autocaravanismo.pt\/index.php?rest_route=%2Fwp%2Fv2%2Fcomments&post=1797"}],"version-history":[{"count":6,"href":"https:\/\/cai-autocaravanismo.pt\/index.php?rest_route=\/wp\/v2\/posts\/1797\/revisions"}],"predecessor-version":[{"id":1811,"href":"https:\/\/cai-autocaravanismo.pt\/index.php?rest_route=\/wp\/v2\/posts\/1797\/revisions\/1811"}],"wp:attachment":[{"href":"https:\/\/cai-autocaravanismo.pt\/index.php?rest_route=%2Fwp%2Fv2%2Fmedia&parent=1797"}],"wp:term":[{"taxonomy":"category","embeddable":true,"href":"https:\/\/cai-autocaravanismo.pt\/index.php?rest_route=%2Fwp%2Fv2%2Fcategories&post=1797"},{"taxonomy":"post_tag","embeddable":true,"href":"https:\/\/cai-autocaravanismo.pt\/index.php?rest_route=%2Fwp%2Fv2%2Ftags&post=1797"}],"curies":[{"name":"wp","href":"https:\/\/api.w.org\/{rel}","templated":true}]}}